{"id":580,"date":"2010-06-03T01:04:00","date_gmt":"2010-06-02T23:04:00","guid":{"rendered":"https:\/\/abc.flowdev.ro\/?p=580"},"modified":"2024-05-29T15:16:01","modified_gmt":"2024-05-29T13:16:01","slug":"musat-asociatii-recunoscuta-drept-cea-mai-buna-firma-de-avocatura-de-pe-pietele-de-capital-in-cadrul-galei-avocatilor-zf","status":"publish","type":"post","link":"https:\/\/www.musat.ro\/ro\/musat-asociatii-recunoscuta-drept-cea-mai-buna-firma-de-avocatura-de-pe-pietele-de-capital-in-cadrul-galei-avocatilor-zf\/","title":{"rendered":"Mu\u0219at &amp; Asocia\u021bii, recunoscut\u0103 drept cea mai bun\u0103 firm\u0103 de avocatur\u0103 de pe pie\u021bele de capital, \u00een cadrul \u201eGalei Avoca\u021bilor ZF\u201d"},"content":{"rendered":"","protected":false},"excerpt":{"rendered":"Mu\u0219at &#038; Asocia\u021bii a primit dou\u0103 premii de la Ziarul Financiar, publica\u021bia de afaceri de top din Rom\u00e2nia, \u00een cadrul evenimentului \u201eGala avoca\u021bilor\u201d. Distinc\u021biile \u00eei recunosc realiz\u0103rile deosebite de pe Pie\u021bele de Capital \u0219i pozi\u021bia de top de pe pia\u021ba juridic\u0103 din Rom\u00e2nia.\nPremiul pie\u021belor de capital recunoa\u0219te asisten\u021ba oferit\u0103&#8230;","protected":false},"author":1,"featured_media":0,"comment_status":"closed","ping_status":"open","sticky":false,"template":"","format":"standard","meta":{"_acf_changed":false,"footnotes":""},"categories":[39],"tags":[],"class_list":["post-580","post","type-post","status-publish","format-standard","hentry","category-comunicate-de-presa"],"acf":[],"yoast_head":"<!-- This site is optimized with the Yoast SEO plugin v22.8 - https:\/\/yoast.com\/wordpress\/plugins\/seo\/ -->\n<title>Mu\u0219at &amp; Asocia\u021bii, recunoscut\u0103 drept cea mai bun\u0103 firm\u0103 de avocatur\u0103 de pe pie\u021bele de capital, \u00een cadrul \u201eGalei Avoca\u021bilor ZF\u201d - Casa de avocatur\u0103 Mu\u0219at &amp; Asocia\u021bii<\/title>\n<meta name=\"robots\" content=\"index, follow, max-snippet:-1, max-image-preview:large, max-video-preview:-1\" \/>\n<link rel=\"canonical\" href=\"https:\/\/www.musat.ro\/musat-asociatii-recunoscuta-drept-cea-mai-buna-firma-de-avocatura-de-pe-pietele-de-capital-in-cadrul-galei-avocatilor-zf\/\" \/>\n<meta property=\"og:locale\" content=\"ro_RO\" \/>\n<meta property=\"og:type\" content=\"article\" \/>\n<meta property=\"og:title\" content=\"Mu\u0219at &amp; Asocia\u021bii, recunoscut\u0103 drept cea mai bun\u0103 firm\u0103 de avocatur\u0103 de pe pie\u021bele de capital, \u00een cadrul \u201eGalei Avoca\u021bilor ZF\u201d - Casa de avocatur\u0103 Mu\u0219at &amp; Asocia\u021bii\" \/>\n<meta property=\"og:description\" content=\"Mu\u0219at &amp; Asocia\u021bii a primit dou\u0103 premii de la Ziarul Financiar, publica\u021bia de afaceri de top din Rom\u00e2nia, \u00een cadrul evenimentului \u201eGala avoca\u021bilor\u201d. Distinc\u021biile \u00eei recunosc realiz\u0103rile deosebite de pe Pie\u021bele de Capital \u0219i pozi\u021bia de top de pe pia\u021ba juridic\u0103 din Rom\u00e2nia. Premiul pie\u021belor de capital recunoa\u0219te asisten\u021ba oferit\u0103...\" \/>\n<meta property=\"og:url\" content=\"https:\/\/www.musat.ro\/musat-asociatii-recunoscuta-drept-cea-mai-buna-firma-de-avocatura-de-pe-pietele-de-capital-in-cadrul-galei-avocatilor-zf\/\" \/>\n<meta property=\"og:site_name\" content=\"Casa de avocatur\u0103 Mu\u0219at &amp; Asocia\u021bii\" \/>\n<meta property=\"article:published_time\" content=\"2010-06-02T23:04:00+00:00\" \/>\n<meta property=\"article:modified_time\" content=\"2024-05-29T13:16:01+00:00\" \/>\n<meta name=\"author\" content=\"adm_ds\" \/>\n<meta name=\"twitter:card\" content=\"summary_large_image\" \/>\n<meta name=\"twitter:label1\" content=\"Scris de\" \/>\n\t<meta name=\"twitter:data1\" content=\"adm_ds\" \/>\n<script type=\"application\/ld+json\" class=\"yoast-schema-graph\">{\"@context\":\"https:\/\/schema.org\",\"@graph\":[{\"@type\":\"Article\",\"@id\":\"https:\/\/www.musat.ro\/musat-asociatii-recunoscuta-drept-cea-mai-buna-firma-de-avocatura-de-pe-pietele-de-capital-in-cadrul-galei-avocatilor-zf\/#article\",\"isPartOf\":{\"@id\":\"https:\/\/www.musat.ro\/musat-asociatii-recunoscuta-drept-cea-mai-buna-firma-de-avocatura-de-pe-pietele-de-capital-in-cadrul-galei-avocatilor-zf\/\"},\"author\":{\"name\":\"adm_ds\",\"@id\":\"https:\/\/www.musat.ro\/#\/schema\/person\/4c841930147905db9b4b364e4bd1c763\"},\"headline\":\"Mu\u0219at &amp; Asocia\u021bii, recunoscut\u0103 drept cea mai bun\u0103 firm\u0103 de avocatur\u0103 de pe pie\u021bele de capital, \u00een cadrul \u201eGalei Avoca\u021bilor ZF\u201d\",\"datePublished\":\"2010-06-02T23:04:00+00:00\",\"dateModified\":\"2024-05-29T13:16:01+00:00\",\"mainEntityOfPage\":{\"@id\":\"https:\/\/www.musat.ro\/musat-asociatii-recunoscuta-drept-cea-mai-buna-firma-de-avocatura-de-pe-pietele-de-capital-in-cadrul-galei-avocatilor-zf\/\"},\"wordCount\":25,\"publisher\":{\"@id\":\"https:\/\/www.musat.ro\/#organization\"},\"articleSection\":[\"Comunicate de Pres\u0103\"],\"inLanguage\":\"ro-RO\"},{\"@type\":\"WebPage\",\"@id\":\"https:\/\/www.musat.ro\/musat-asociatii-recunoscuta-drept-cea-mai-buna-firma-de-avocatura-de-pe-pietele-de-capital-in-cadrul-galei-avocatilor-zf\/\",\"url\":\"https:\/\/www.musat.ro\/musat-asociatii-recunoscuta-drept-cea-mai-buna-firma-de-avocatura-de-pe-pietele-de-capital-in-cadrul-galei-avocatilor-zf\/\",\"name\":\"Mu\u0219at &amp; Asocia\u021bii, recunoscut\u0103 drept cea mai bun\u0103 firm\u0103 de avocatur\u0103 de pe pie\u021bele de capital, \u00een cadrul \u201eGalei Avoca\u021bilor ZF\u201d - Casa de avocatur\u0103 Mu\u0219at &amp; Asocia\u021bii\",\"isPartOf\":{\"@id\":\"https:\/\/www.musat.ro\/#website\"},\"datePublished\":\"2010-06-02T23:04:00+00:00\",\"dateModified\":\"2024-05-29T13:16:01+00:00\",\"breadcrumb\":{\"@id\":\"https:\/\/www.musat.ro\/musat-asociatii-recunoscuta-drept-cea-mai-buna-firma-de-avocatura-de-pe-pietele-de-capital-in-cadrul-galei-avocatilor-zf\/#breadcrumb\"},\"inLanguage\":\"ro-RO\",\"potentialAction\":[{\"@type\":\"ReadAction\",\"target\":[\"https:\/\/www.musat.ro\/musat-asociatii-recunoscuta-drept-cea-mai-buna-firma-de-avocatura-de-pe-pietele-de-capital-in-cadrul-galei-avocatilor-zf\/\"]}]},{\"@type\":\"BreadcrumbList\",\"@id\":\"https:\/\/www.musat.ro\/musat-asociatii-recunoscuta-drept-cea-mai-buna-firma-de-avocatura-de-pe-pietele-de-capital-in-cadrul-galei-avocatilor-zf\/#breadcrumb\",\"itemListElement\":[{\"@type\":\"ListItem\",\"position\":1,\"name\":\"Prima pagin\u0103\",\"item\":\"https:\/\/www.musat.ro\/ro\/\"},{\"@type\":\"ListItem\",\"position\":2,\"name\":\"Mu\u0219at &amp; Asocia\u021bii, recunoscut\u0103 drept cea mai bun\u0103 firm\u0103 de avocatur\u0103 de pe pie\u021bele de capital, \u00een cadrul \u201eGalei Avoca\u021bilor ZF\u201d\"}]},{\"@type\":\"WebSite\",\"@id\":\"https:\/\/www.musat.ro\/#website\",\"url\":\"https:\/\/www.musat.ro\/\",\"name\":\"Casa de avocatur\u0103 Mu\u0219at & Asocia\u021bii\",\"description\":\"\",\"publisher\":{\"@id\":\"https:\/\/www.musat.ro\/#organization\"},\"potentialAction\":[{\"@type\":\"SearchAction\",\"target\":{\"@type\":\"EntryPoint\",\"urlTemplate\":\"https:\/\/www.musat.ro\/?s={search_term_string}\"},\"query-input\":\"required name=search_term_string\"}],\"inLanguage\":\"ro-RO\"},{\"@type\":\"Organization\",\"@id\":\"https:\/\/www.musat.ro\/#organization\",\"name\":\"Casa de avocatur\u0103 Mu\u0219at & Asocia\u021bii\",\"url\":\"https:\/\/www.musat.ro\/\",\"logo\":{\"@type\":\"ImageObject\",\"inLanguage\":\"ro-RO\",\"@id\":\"https:\/\/www.musat.ro\/#\/schema\/logo\/image\/\",\"url\":\"https:\/\/www.musat.ro\/wp-content\/uploads\/2024\/08\/MA_LogoVariations_Page_04-scaled.jpg\",\"contentUrl\":\"https:\/\/www.musat.ro\/wp-content\/uploads\/2024\/08\/MA_LogoVariations_Page_04-scaled.jpg\",\"width\":2560,\"height\":1440,\"caption\":\"Casa de avocatur\u0103 Mu\u0219at & Asocia\u021bii\"},\"image\":{\"@id\":\"https:\/\/www.musat.ro\/#\/schema\/logo\/image\/\"},\"sameAs\":[\"https:\/\/www.linkedin.com\/company\/musat-&-asociatii\/\"]},{\"@type\":\"Person\",\"@id\":\"https:\/\/www.musat.ro\/#\/schema\/person\/4c841930147905db9b4b364e4bd1c763\",\"name\":\"adm_ds\",\"image\":{\"@type\":\"ImageObject\",\"inLanguage\":\"ro-RO\",\"@id\":\"https:\/\/www.musat.ro\/#\/schema\/person\/image\/\",\"url\":\"https:\/\/secure.gravatar.com\/avatar\/0361e29835f2de1ff2eec10928498bfaf077d6501e72bdb72d3e31d4564ff768?s=96&d=mm&r=g\",\"contentUrl\":\"https:\/\/secure.gravatar.com\/avatar\/0361e29835f2de1ff2eec10928498bfaf077d6501e72bdb72d3e31d4564ff768?s=96&d=mm&r=g\",\"caption\":\"adm_ds\"},\"sameAs\":[\"http:\/\/localhost\/musat\"],\"url\":\"https:\/\/www.musat.ro\/ro\/author\/adm_ds\/\"}]}<\/script>\n<!-- \/ Yoast SEO plugin. -->","yoast_head_json":{"title":"Mu\u0219at &amp; Asocia\u021bii, recunoscut\u0103 drept cea mai bun\u0103 firm\u0103 de avocatur\u0103 de pe pie\u021bele de capital, \u00een cadrul \u201eGalei Avoca\u021bilor ZF\u201d - Casa de avocatur\u0103 Mu\u0219at &amp; Asocia\u021bii","robots":{"index":"index","follow":"follow","max-snippet":"max-snippet:-1","max-image-preview":"max-image-preview:large","max-video-preview":"max-video-preview:-1"},"canonical":"https:\/\/www.musat.ro\/musat-asociatii-recunoscuta-drept-cea-mai-buna-firma-de-avocatura-de-pe-pietele-de-capital-in-cadrul-galei-avocatilor-zf\/","og_locale":"ro_RO","og_type":"article","og_title":"Mu\u0219at &amp; Asocia\u021bii, recunoscut\u0103 drept cea mai bun\u0103 firm\u0103 de avocatur\u0103 de pe pie\u021bele de capital, \u00een cadrul \u201eGalei Avoca\u021bilor ZF\u201d - Casa de avocatur\u0103 Mu\u0219at &amp; Asocia\u021bii","og_description":"Mu\u0219at & Asocia\u021bii a primit dou\u0103 premii de la Ziarul Financiar, publica\u021bia de afaceri de top din Rom\u00e2nia, \u00een cadrul evenimentului \u201eGala avoca\u021bilor\u201d. Distinc\u021biile \u00eei recunosc realiz\u0103rile deosebite de pe Pie\u021bele de Capital \u0219i pozi\u021bia de top de pe pia\u021ba juridic\u0103 din Rom\u00e2nia. Premiul pie\u021belor de capital recunoa\u0219te asisten\u021ba oferit\u0103...","og_url":"https:\/\/www.musat.ro\/musat-asociatii-recunoscuta-drept-cea-mai-buna-firma-de-avocatura-de-pe-pietele-de-capital-in-cadrul-galei-avocatilor-zf\/","og_site_name":"Casa de avocatur\u0103 Mu\u0219at &amp; Asocia\u021bii","article_published_time":"2010-06-02T23:04:00+00:00","article_modified_time":"2024-05-29T13:16:01+00:00","author":"adm_ds","twitter_card":"summary_large_image","twitter_misc":{"Scris de":"adm_ds"},"schema":{"@context":"https:\/\/schema.org","@graph":[{"@type":"Article","@id":"https:\/\/www.musat.ro\/musat-asociatii-recunoscuta-drept-cea-mai-buna-firma-de-avocatura-de-pe-pietele-de-capital-in-cadrul-galei-avocatilor-zf\/#article","isPartOf":{"@id":"https:\/\/www.musat.ro\/musat-asociatii-recunoscuta-drept-cea-mai-buna-firma-de-avocatura-de-pe-pietele-de-capital-in-cadrul-galei-avocatilor-zf\/"},"author":{"name":"adm_ds","@id":"https:\/\/www.musat.ro\/#\/schema\/person\/4c841930147905db9b4b364e4bd1c763"},"headline":"Mu\u0219at &amp; Asocia\u021bii, recunoscut\u0103 drept cea mai bun\u0103 firm\u0103 de avocatur\u0103 de pe pie\u021bele de capital, \u00een cadrul \u201eGalei Avoca\u021bilor ZF\u201d","datePublished":"2010-06-02T23:04:00+00:00","dateModified":"2024-05-29T13:16:01+00:00","mainEntityOfPage":{"@id":"https:\/\/www.musat.ro\/musat-asociatii-recunoscuta-drept-cea-mai-buna-firma-de-avocatura-de-pe-pietele-de-capital-in-cadrul-galei-avocatilor-zf\/"},"wordCount":25,"publisher":{"@id":"https:\/\/www.musat.ro\/#organization"},"articleSection":["Comunicate de Pres\u0103"],"inLanguage":"ro-RO"},{"@type":"WebPage","@id":"https:\/\/www.musat.ro\/musat-asociatii-recunoscuta-drept-cea-mai-buna-firma-de-avocatura-de-pe-pietele-de-capital-in-cadrul-galei-avocatilor-zf\/","url":"https:\/\/www.musat.ro\/musat-asociatii-recunoscuta-drept-cea-mai-buna-firma-de-avocatura-de-pe-pietele-de-capital-in-cadrul-galei-avocatilor-zf\/","name":"Mu\u0219at &amp; Asocia\u021bii, recunoscut\u0103 drept cea mai bun\u0103 firm\u0103 de avocatur\u0103 de pe pie\u021bele de capital, \u00een cadrul \u201eGalei Avoca\u021bilor ZF\u201d - Casa de avocatur\u0103 Mu\u0219at &amp; Asocia\u021bii","isPartOf":{"@id":"https:\/\/www.musat.ro\/#website"},"datePublished":"2010-06-02T23:04:00+00:00","dateModified":"2024-05-29T13:16:01+00:00","breadcrumb":{"@id":"https:\/\/www.musat.ro\/musat-asociatii-recunoscuta-drept-cea-mai-buna-firma-de-avocatura-de-pe-pietele-de-capital-in-cadrul-galei-avocatilor-zf\/#breadcrumb"},"inLanguage":"ro-RO","potentialAction":[{"@type":"ReadAction","target":["https:\/\/www.musat.ro\/musat-asociatii-recunoscuta-drept-cea-mai-buna-firma-de-avocatura-de-pe-pietele-de-capital-in-cadrul-galei-avocatilor-zf\/"]}]},{"@type":"BreadcrumbList","@id":"https:\/\/www.musat.ro\/musat-asociatii-recunoscuta-drept-cea-mai-buna-firma-de-avocatura-de-pe-pietele-de-capital-in-cadrul-galei-avocatilor-zf\/#breadcrumb","itemListElement":[{"@type":"ListItem","position":1,"name":"Prima pagin\u0103","item":"https:\/\/www.musat.ro\/ro\/"},{"@type":"ListItem","position":2,"name":"Mu\u0219at &amp; Asocia\u021bii, recunoscut\u0103 drept cea mai bun\u0103 firm\u0103 de avocatur\u0103 de pe pie\u021bele de capital, \u00een cadrul \u201eGalei Avoca\u021bilor ZF\u201d"}]},{"@type":"WebSite","@id":"https:\/\/www.musat.ro\/#website","url":"https:\/\/www.musat.ro\/","name":"Casa de avocatur\u0103 Mu\u0219at & Asocia\u021bii","description":"","publisher":{"@id":"https:\/\/www.musat.ro\/#organization"},"potentialAction":[{"@type":"SearchAction","target":{"@type":"EntryPoint","urlTemplate":"https:\/\/www.musat.ro\/?s={search_term_string}"},"query-input":"required name=search_term_string"}],"inLanguage":"ro-RO"},{"@type":"Organization","@id":"https:\/\/www.musat.ro\/#organization","name":"Casa de avocatur\u0103 Mu\u0219at & Asocia\u021bii","url":"https:\/\/www.musat.ro\/","logo":{"@type":"ImageObject","inLanguage":"ro-RO","@id":"https:\/\/www.musat.ro\/#\/schema\/logo\/image\/","url":"https:\/\/www.musat.ro\/wp-content\/uploads\/2024\/08\/MA_LogoVariations_Page_04-scaled.jpg","contentUrl":"https:\/\/www.musat.ro\/wp-content\/uploads\/2024\/08\/MA_LogoVariations_Page_04-scaled.jpg","width":2560,"height":1440,"caption":"Casa de avocatur\u0103 Mu\u0219at & Asocia\u021bii"},"image":{"@id":"https:\/\/www.musat.ro\/#\/schema\/logo\/image\/"},"sameAs":["https:\/\/www.linkedin.com\/company\/musat-&-asociatii\/"]},{"@type":"Person","@id":"https:\/\/www.musat.ro\/#\/schema\/person\/4c841930147905db9b4b364e4bd1c763","name":"adm_ds","image":{"@type":"ImageObject","inLanguage":"ro-RO","@id":"https:\/\/www.musat.ro\/#\/schema\/person\/image\/","url":"https:\/\/secure.gravatar.com\/avatar\/0361e29835f2de1ff2eec10928498bfaf077d6501e72bdb72d3e31d4564ff768?s=96&d=mm&r=g","contentUrl":"https:\/\/secure.gravatar.com\/avatar\/0361e29835f2de1ff2eec10928498bfaf077d6501e72bdb72d3e31d4564ff768?s=96&d=mm&r=g","caption":"adm_ds"},"sameAs":["http:\/\/localhost\/musat"],"url":"https:\/\/www.musat.ro\/ro\/author\/adm_ds\/"}]}},"_links":{"self":[{"href":"https:\/\/www.musat.ro\/ro\/wp-json\/wp\/v2\/posts\/580","targetHints":{"allow":["GET"]}}],"collection":[{"href":"https:\/\/www.musat.ro\/ro\/wp-json\/wp\/v2\/posts"}],"about":[{"href":"https:\/\/www.musat.ro\/ro\/wp-json\/wp\/v2\/types\/post"}],"author":[{"embeddable":true,"href":"https:\/\/www.musat.ro\/ro\/wp-json\/wp\/v2\/users\/1"}],"replies":[{"embeddable":true,"href":"https:\/\/www.musat.ro\/ro\/wp-json\/wp\/v2\/comments?post=580"}],"version-history":[{"count":1,"href":"https:\/\/www.musat.ro\/ro\/wp-json\/wp\/v2\/posts\/580\/revisions"}],"predecessor-version":[{"id":583,"href":"https:\/\/www.musat.ro\/ro\/wp-json\/wp\/v2\/posts\/580\/revisions\/583"}],"wp:attachment":[{"href":"https:\/\/www.musat.ro\/ro\/wp-json\/wp\/v2\/media?parent=580"}],"wp:term":[{"taxonomy":"category","embeddable":true,"href":"https:\/\/www.musat.ro\/ro\/wp-json\/wp\/v2\/categories?post=580"},{"taxonomy":"post_tag","embeddable":true,"href":"https:\/\/www.musat.ro\/ro\/wp-json\/wp\/v2\/tags?post=580"}],"curies":[{"name":"wp","href":"https:\/\/api.w.org\/{rel}","templated":true}]}}