{"id":770,"date":"2018-03-06T02:41:00","date_gmt":"2018-03-06T00:41:00","guid":{"rendered":"https:\/\/abc.flowdev.ro\/?p=770"},"modified":"2024-09-02T15:14:09","modified_gmt":"2024-09-02T13:14:09","slug":"echipa-de-drept-penal-a-casei-de-avocatura-musat-asociatii-obtine-definitiv-achitarea-lui-ludovic-orban-intr-un-dosar-de-coruptie","status":"publish","type":"post","link":"https:\/\/www.musat.ro\/ro\/echipa-de-drept-penal-a-casei-de-avocatura-musat-asociatii-obtine-definitiv-achitarea-lui-ludovic-orban-intr-un-dosar-de-coruptie\/","title":{"rendered":"Echipa de drept penal a casei de avocatur\u0103 Mu\u0219at &amp; Asocia\u021bii ob\u0163ine definitiv achitarea lui Ludovic Orban \u00eentr-un dosar de corup\u021bie"},"content":{"rendered":"","protected":false},"excerpt":{"rendered":"Echipa de drept penal a casei de avocatur\u0103 Mu\u0219at &#038; Asocia\u021bii a c\u00e2\u0219tigat definitiv litigiul \u00een fa\u021ba \u00cenaltei Cur\u021bi de Casa\u021bie \u0219i Justi\u021bie \u00een care Ludovic Orban, pre\u0219edintele principalului partid de opozi\u021bie, a fost acuzat de DNA cu privire la s\u0103v\u00e2r\u015firea infrac\u0163iunii de folosire a influen\u0163ei \u00een scopul&#8230;","protected":false},"author":1,"featured_media":0,"comment_status":"closed","ping_status":"open","sticky":false,"template":"","format":"standard","meta":{"_acf_changed":false,"footnotes":""},"categories":[39],"tags":[],"class_list":["post-770","post","type-post","status-publish","format-standard","hentry","category-comunicate-de-presa"],"acf":[],"yoast_head":"<!-- This site is optimized with the Yoast SEO plugin v22.8 - https:\/\/yoast.com\/wordpress\/plugins\/seo\/ -->\n<title>Echipa de drept penal a casei de avocatur\u0103 Mu\u0219at &amp; Asocia\u021bii ob\u0163ine definitiv achitarea lui Ludovic Orban \u00eentr-un dosar de corup\u021bie - Casa de avocatur\u0103 Mu\u0219at &amp; Asocia\u021bii<\/title>\n<meta name=\"robots\" content=\"index, follow, max-snippet:-1, max-image-preview:large, max-video-preview:-1\" \/>\n<link rel=\"canonical\" href=\"https:\/\/www.musat.ro\/echipa-de-drept-penal-a-casei-de-avocatura-musat-asociatii-obtine-definitiv-achitarea-lui-ludovic-orban-intr-un-dosar-de-coruptie\/\" \/>\n<meta property=\"og:locale\" content=\"ro_RO\" \/>\n<meta property=\"og:type\" content=\"article\" \/>\n<meta property=\"og:title\" content=\"Echipa de drept penal a casei de avocatur\u0103 Mu\u0219at &amp; Asocia\u021bii ob\u0163ine definitiv achitarea lui Ludovic Orban \u00eentr-un dosar de corup\u021bie - Casa de avocatur\u0103 Mu\u0219at &amp; Asocia\u021bii\" \/>\n<meta property=\"og:description\" content=\"Echipa de drept penal a casei de avocatur\u0103 Mu\u0219at &amp; Asocia\u021bii a c\u00e2\u0219tigat definitiv litigiul \u00een fa\u021ba \u00cenaltei Cur\u021bi de Casa\u021bie \u0219i Justi\u021bie \u00een care Ludovic Orban, pre\u0219edintele principalului partid de opozi\u021bie, a fost acuzat de DNA cu privire la s\u0103v\u00e2r\u015firea infrac\u0163iunii de folosire a influen\u0163ei \u00een scopul...\" \/>\n<meta property=\"og:url\" content=\"https:\/\/www.musat.ro\/echipa-de-drept-penal-a-casei-de-avocatura-musat-asociatii-obtine-definitiv-achitarea-lui-ludovic-orban-intr-un-dosar-de-coruptie\/\" \/>\n<meta property=\"og:site_name\" content=\"Casa de avocatur\u0103 Mu\u0219at &amp; Asocia\u021bii\" \/>\n<meta property=\"article:published_time\" content=\"2018-03-06T00:41:00+00:00\" \/>\n<meta property=\"article:modified_time\" content=\"2024-09-02T13:14:09+00:00\" \/>\n<meta name=\"author\" content=\"adm_ds\" \/>\n<meta name=\"twitter:card\" content=\"summary_large_image\" \/>\n<meta name=\"twitter:label1\" content=\"Scris de\" \/>\n\t<meta name=\"twitter:data1\" content=\"adm_ds\" \/>\n<script type=\"application\/ld+json\" class=\"yoast-schema-graph\">{\"@context\":\"https:\/\/schema.org\",\"@graph\":[{\"@type\":\"Article\",\"@id\":\"https:\/\/www.musat.ro\/echipa-de-drept-penal-a-casei-de-avocatura-musat-asociatii-obtine-definitiv-achitarea-lui-ludovic-orban-intr-un-dosar-de-coruptie\/#article\",\"isPartOf\":{\"@id\":\"https:\/\/www.musat.ro\/echipa-de-drept-penal-a-casei-de-avocatura-musat-asociatii-obtine-definitiv-achitarea-lui-ludovic-orban-intr-un-dosar-de-coruptie\/\"},\"author\":{\"name\":\"adm_ds\",\"@id\":\"https:\/\/www.musat.ro\/#\/schema\/person\/4c841930147905db9b4b364e4bd1c763\"},\"headline\":\"Echipa de drept penal a casei de avocatur\u0103 Mu\u0219at &amp; Asocia\u021bii ob\u0163ine definitiv achitarea lui Ludovic Orban \u00eentr-un dosar de corup\u021bie\",\"datePublished\":\"2018-03-06T00:41:00+00:00\",\"dateModified\":\"2024-09-02T13:14:09+00:00\",\"mainEntityOfPage\":{\"@id\":\"https:\/\/www.musat.ro\/echipa-de-drept-penal-a-casei-de-avocatura-musat-asociatii-obtine-definitiv-achitarea-lui-ludovic-orban-intr-un-dosar-de-coruptie\/\"},\"wordCount\":25,\"publisher\":{\"@id\":\"https:\/\/www.musat.ro\/#organization\"},\"articleSection\":[\"Comunicate de Pres\u0103\"],\"inLanguage\":\"ro-RO\"},{\"@type\":\"WebPage\",\"@id\":\"https:\/\/www.musat.ro\/echipa-de-drept-penal-a-casei-de-avocatura-musat-asociatii-obtine-definitiv-achitarea-lui-ludovic-orban-intr-un-dosar-de-coruptie\/\",\"url\":\"https:\/\/www.musat.ro\/echipa-de-drept-penal-a-casei-de-avocatura-musat-asociatii-obtine-definitiv-achitarea-lui-ludovic-orban-intr-un-dosar-de-coruptie\/\",\"name\":\"Echipa de drept penal a casei de avocatur\u0103 Mu\u0219at &amp; Asocia\u021bii ob\u0163ine definitiv achitarea lui Ludovic Orban \u00eentr-un dosar de corup\u021bie - Casa de avocatur\u0103 Mu\u0219at &amp; Asocia\u021bii\",\"isPartOf\":{\"@id\":\"https:\/\/www.musat.ro\/#website\"},\"datePublished\":\"2018-03-06T00:41:00+00:00\",\"dateModified\":\"2024-09-02T13:14:09+00:00\",\"breadcrumb\":{\"@id\":\"https:\/\/www.musat.ro\/echipa-de-drept-penal-a-casei-de-avocatura-musat-asociatii-obtine-definitiv-achitarea-lui-ludovic-orban-intr-un-dosar-de-coruptie\/#breadcrumb\"},\"inLanguage\":\"ro-RO\",\"potentialAction\":[{\"@type\":\"ReadAction\",\"target\":[\"https:\/\/www.musat.ro\/echipa-de-drept-penal-a-casei-de-avocatura-musat-asociatii-obtine-definitiv-achitarea-lui-ludovic-orban-intr-un-dosar-de-coruptie\/\"]}]},{\"@type\":\"BreadcrumbList\",\"@id\":\"https:\/\/www.musat.ro\/echipa-de-drept-penal-a-casei-de-avocatura-musat-asociatii-obtine-definitiv-achitarea-lui-ludovic-orban-intr-un-dosar-de-coruptie\/#breadcrumb\",\"itemListElement\":[{\"@type\":\"ListItem\",\"position\":1,\"name\":\"Prima pagin\u0103\",\"item\":\"https:\/\/www.musat.ro\/ro\/\"},{\"@type\":\"ListItem\",\"position\":2,\"name\":\"Echipa de drept penal a casei de avocatur\u0103 Mu\u0219at &amp; Asocia\u021bii ob\u0163ine definitiv achitarea lui Ludovic Orban \u00eentr-un dosar de corup\u021bie\"}]},{\"@type\":\"WebSite\",\"@id\":\"https:\/\/www.musat.ro\/#website\",\"url\":\"https:\/\/www.musat.ro\/\",\"name\":\"Casa de avocatur\u0103 Mu\u0219at & Asocia\u021bii\",\"description\":\"\",\"publisher\":{\"@id\":\"https:\/\/www.musat.ro\/#organization\"},\"potentialAction\":[{\"@type\":\"SearchAction\",\"target\":{\"@type\":\"EntryPoint\",\"urlTemplate\":\"https:\/\/www.musat.ro\/?s={search_term_string}\"},\"query-input\":\"required name=search_term_string\"}],\"inLanguage\":\"ro-RO\"},{\"@type\":\"Organization\",\"@id\":\"https:\/\/www.musat.ro\/#organization\",\"name\":\"Casa de avocatur\u0103 Mu\u0219at & Asocia\u021bii\",\"url\":\"https:\/\/www.musat.ro\/\",\"logo\":{\"@type\":\"ImageObject\",\"inLanguage\":\"ro-RO\",\"@id\":\"https:\/\/www.musat.ro\/#\/schema\/logo\/image\/\",\"url\":\"https:\/\/www.musat.ro\/wp-content\/uploads\/2024\/08\/MA_LogoVariations_Page_04-scaled.jpg\",\"contentUrl\":\"https:\/\/www.musat.ro\/wp-content\/uploads\/2024\/08\/MA_LogoVariations_Page_04-scaled.jpg\",\"width\":2560,\"height\":1440,\"caption\":\"Casa de avocatur\u0103 Mu\u0219at & Asocia\u021bii\"},\"image\":{\"@id\":\"https:\/\/www.musat.ro\/#\/schema\/logo\/image\/\"},\"sameAs\":[\"https:\/\/www.linkedin.com\/company\/musat-&-asociatii\/\"]},{\"@type\":\"Person\",\"@id\":\"https:\/\/www.musat.ro\/#\/schema\/person\/4c841930147905db9b4b364e4bd1c763\",\"name\":\"adm_ds\",\"image\":{\"@type\":\"ImageObject\",\"inLanguage\":\"ro-RO\",\"@id\":\"https:\/\/www.musat.ro\/#\/schema\/person\/image\/\",\"url\":\"https:\/\/secure.gravatar.com\/avatar\/0361e29835f2de1ff2eec10928498bfaf077d6501e72bdb72d3e31d4564ff768?s=96&d=mm&r=g\",\"contentUrl\":\"https:\/\/secure.gravatar.com\/avatar\/0361e29835f2de1ff2eec10928498bfaf077d6501e72bdb72d3e31d4564ff768?s=96&d=mm&r=g\",\"caption\":\"adm_ds\"},\"sameAs\":[\"http:\/\/localhost\/musat\"],\"url\":\"https:\/\/www.musat.ro\/ro\/author\/adm_ds\/\"}]}<\/script>\n<!-- \/ Yoast SEO plugin. -->","yoast_head_json":{"title":"Echipa de drept penal a casei de avocatur\u0103 Mu\u0219at &amp; Asocia\u021bii ob\u0163ine definitiv achitarea lui Ludovic Orban \u00eentr-un dosar de corup\u021bie - Casa de avocatur\u0103 Mu\u0219at &amp; Asocia\u021bii","robots":{"index":"index","follow":"follow","max-snippet":"max-snippet:-1","max-image-preview":"max-image-preview:large","max-video-preview":"max-video-preview:-1"},"canonical":"https:\/\/www.musat.ro\/echipa-de-drept-penal-a-casei-de-avocatura-musat-asociatii-obtine-definitiv-achitarea-lui-ludovic-orban-intr-un-dosar-de-coruptie\/","og_locale":"ro_RO","og_type":"article","og_title":"Echipa de drept penal a casei de avocatur\u0103 Mu\u0219at &amp; Asocia\u021bii ob\u0163ine definitiv achitarea lui Ludovic Orban \u00eentr-un dosar de corup\u021bie - Casa de avocatur\u0103 Mu\u0219at &amp; Asocia\u021bii","og_description":"Echipa de drept penal a casei de avocatur\u0103 Mu\u0219at & Asocia\u021bii a c\u00e2\u0219tigat definitiv litigiul \u00een fa\u021ba \u00cenaltei Cur\u021bi de Casa\u021bie \u0219i Justi\u021bie \u00een care Ludovic Orban, pre\u0219edintele principalului partid de opozi\u021bie, a fost acuzat de DNA cu privire la s\u0103v\u00e2r\u015firea infrac\u0163iunii de folosire a influen\u0163ei \u00een scopul...","og_url":"https:\/\/www.musat.ro\/echipa-de-drept-penal-a-casei-de-avocatura-musat-asociatii-obtine-definitiv-achitarea-lui-ludovic-orban-intr-un-dosar-de-coruptie\/","og_site_name":"Casa de avocatur\u0103 Mu\u0219at &amp; Asocia\u021bii","article_published_time":"2018-03-06T00:41:00+00:00","article_modified_time":"2024-09-02T13:14:09+00:00","author":"adm_ds","twitter_card":"summary_large_image","twitter_misc":{"Scris de":"adm_ds"},"schema":{"@context":"https:\/\/schema.org","@graph":[{"@type":"Article","@id":"https:\/\/www.musat.ro\/echipa-de-drept-penal-a-casei-de-avocatura-musat-asociatii-obtine-definitiv-achitarea-lui-ludovic-orban-intr-un-dosar-de-coruptie\/#article","isPartOf":{"@id":"https:\/\/www.musat.ro\/echipa-de-drept-penal-a-casei-de-avocatura-musat-asociatii-obtine-definitiv-achitarea-lui-ludovic-orban-intr-un-dosar-de-coruptie\/"},"author":{"name":"adm_ds","@id":"https:\/\/www.musat.ro\/#\/schema\/person\/4c841930147905db9b4b364e4bd1c763"},"headline":"Echipa de drept penal a casei de avocatur\u0103 Mu\u0219at &amp; Asocia\u021bii ob\u0163ine definitiv achitarea lui Ludovic Orban \u00eentr-un dosar de corup\u021bie","datePublished":"2018-03-06T00:41:00+00:00","dateModified":"2024-09-02T13:14:09+00:00","mainEntityOfPage":{"@id":"https:\/\/www.musat.ro\/echipa-de-drept-penal-a-casei-de-avocatura-musat-asociatii-obtine-definitiv-achitarea-lui-ludovic-orban-intr-un-dosar-de-coruptie\/"},"wordCount":25,"publisher":{"@id":"https:\/\/www.musat.ro\/#organization"},"articleSection":["Comunicate de Pres\u0103"],"inLanguage":"ro-RO"},{"@type":"WebPage","@id":"https:\/\/www.musat.ro\/echipa-de-drept-penal-a-casei-de-avocatura-musat-asociatii-obtine-definitiv-achitarea-lui-ludovic-orban-intr-un-dosar-de-coruptie\/","url":"https:\/\/www.musat.ro\/echipa-de-drept-penal-a-casei-de-avocatura-musat-asociatii-obtine-definitiv-achitarea-lui-ludovic-orban-intr-un-dosar-de-coruptie\/","name":"Echipa de drept penal a casei de avocatur\u0103 Mu\u0219at &amp; Asocia\u021bii ob\u0163ine definitiv achitarea lui Ludovic Orban \u00eentr-un dosar de corup\u021bie - Casa de avocatur\u0103 Mu\u0219at &amp; Asocia\u021bii","isPartOf":{"@id":"https:\/\/www.musat.ro\/#website"},"datePublished":"2018-03-06T00:41:00+00:00","dateModified":"2024-09-02T13:14:09+00:00","breadcrumb":{"@id":"https:\/\/www.musat.ro\/echipa-de-drept-penal-a-casei-de-avocatura-musat-asociatii-obtine-definitiv-achitarea-lui-ludovic-orban-intr-un-dosar-de-coruptie\/#breadcrumb"},"inLanguage":"ro-RO","potentialAction":[{"@type":"ReadAction","target":["https:\/\/www.musat.ro\/echipa-de-drept-penal-a-casei-de-avocatura-musat-asociatii-obtine-definitiv-achitarea-lui-ludovic-orban-intr-un-dosar-de-coruptie\/"]}]},{"@type":"BreadcrumbList","@id":"https:\/\/www.musat.ro\/echipa-de-drept-penal-a-casei-de-avocatura-musat-asociatii-obtine-definitiv-achitarea-lui-ludovic-orban-intr-un-dosar-de-coruptie\/#breadcrumb","itemListElement":[{"@type":"ListItem","position":1,"name":"Prima pagin\u0103","item":"https:\/\/www.musat.ro\/ro\/"},{"@type":"ListItem","position":2,"name":"Echipa de drept penal a casei de avocatur\u0103 Mu\u0219at &amp; Asocia\u021bii ob\u0163ine definitiv achitarea lui Ludovic Orban \u00eentr-un dosar de corup\u021bie"}]},{"@type":"WebSite","@id":"https:\/\/www.musat.ro\/#website","url":"https:\/\/www.musat.ro\/","name":"Casa de avocatur\u0103 Mu\u0219at & Asocia\u021bii","description":"","publisher":{"@id":"https:\/\/www.musat.ro\/#organization"},"potentialAction":[{"@type":"SearchAction","target":{"@type":"EntryPoint","urlTemplate":"https:\/\/www.musat.ro\/?s={search_term_string}"},"query-input":"required name=search_term_string"}],"inLanguage":"ro-RO"},{"@type":"Organization","@id":"https:\/\/www.musat.ro\/#organization","name":"Casa de avocatur\u0103 Mu\u0219at & Asocia\u021bii","url":"https:\/\/www.musat.ro\/","logo":{"@type":"ImageObject","inLanguage":"ro-RO","@id":"https:\/\/www.musat.ro\/#\/schema\/logo\/image\/","url":"https:\/\/www.musat.ro\/wp-content\/uploads\/2024\/08\/MA_LogoVariations_Page_04-scaled.jpg","contentUrl":"https:\/\/www.musat.ro\/wp-content\/uploads\/2024\/08\/MA_LogoVariations_Page_04-scaled.jpg","width":2560,"height":1440,"caption":"Casa de avocatur\u0103 Mu\u0219at & Asocia\u021bii"},"image":{"@id":"https:\/\/www.musat.ro\/#\/schema\/logo\/image\/"},"sameAs":["https:\/\/www.linkedin.com\/company\/musat-&-asociatii\/"]},{"@type":"Person","@id":"https:\/\/www.musat.ro\/#\/schema\/person\/4c841930147905db9b4b364e4bd1c763","name":"adm_ds","image":{"@type":"ImageObject","inLanguage":"ro-RO","@id":"https:\/\/www.musat.ro\/#\/schema\/person\/image\/","url":"https:\/\/secure.gravatar.com\/avatar\/0361e29835f2de1ff2eec10928498bfaf077d6501e72bdb72d3e31d4564ff768?s=96&d=mm&r=g","contentUrl":"https:\/\/secure.gravatar.com\/avatar\/0361e29835f2de1ff2eec10928498bfaf077d6501e72bdb72d3e31d4564ff768?s=96&d=mm&r=g","caption":"adm_ds"},"sameAs":["http:\/\/localhost\/musat"],"url":"https:\/\/www.musat.ro\/ro\/author\/adm_ds\/"}]}},"_links":{"self":[{"href":"https:\/\/www.musat.ro\/ro\/wp-json\/wp\/v2\/posts\/770","targetHints":{"allow":["GET"]}}],"collection":[{"href":"https:\/\/www.musat.ro\/ro\/wp-json\/wp\/v2\/posts"}],"about":[{"href":"https:\/\/www.musat.ro\/ro\/wp-json\/wp\/v2\/types\/post"}],"author":[{"embeddable":true,"href":"https:\/\/www.musat.ro\/ro\/wp-json\/wp\/v2\/users\/1"}],"replies":[{"embeddable":true,"href":"https:\/\/www.musat.ro\/ro\/wp-json\/wp\/v2\/comments?post=770"}],"version-history":[{"count":2,"href":"https:\/\/www.musat.ro\/ro\/wp-json\/wp\/v2\/posts\/770\/revisions"}],"predecessor-version":[{"id":3420,"href":"https:\/\/www.musat.ro\/ro\/wp-json\/wp\/v2\/posts\/770\/revisions\/3420"}],"wp:attachment":[{"href":"https:\/\/www.musat.ro\/ro\/wp-json\/wp\/v2\/media?parent=770"}],"wp:term":[{"taxonomy":"category","embeddable":true,"href":"https:\/\/www.musat.ro\/ro\/wp-json\/wp\/v2\/categories?post=770"},{"taxonomy":"post_tag","embeddable":true,"href":"https:\/\/www.musat.ro\/ro\/wp-json\/wp\/v2\/tags?post=770"}],"curies":[{"name":"wp","href":"https:\/\/api.w.org\/{rel}","templated":true}]}}